{"id":4956,"date":"2026-03-10T17:16:30","date_gmt":"2026-03-10T16:16:30","guid":{"rendered":"https:\/\/ezker-anitza.org\/ezker-anitza-iuk-ekimen-bat-bultzatu-du-eusko-legebiltzarrean-espainiak-naton-jarraitzearen-aurka-argi-eta-garbi-adieraz-dadin"},"modified":"2026-03-10T17:21:21","modified_gmt":"2026-03-10T16:21:21","slug":"ezker-anitza-iuk-ekimen-bat-bultzatu-du-eusko-legebiltzarrean-espainiak-naton-jarraitzearen-aurka-argi-eta-garbi-adieraz-dadin","status":"publish","type":"post","link":"https:\/\/ezker-anitza.org\/eu\/ezker-anitza-iuk-ekimen-bat-bultzatu-du-eusko-legebiltzarrean-espainiak-naton-jarraitzearen-aurka-argi-eta-garbi-adieraz-dadin","title":{"rendered":"Ezker Anitza-IUk ekimen bat bultzatu du Eusko Legebiltzarrean, \u201cEspainiak NATOn jarraitzearen aurka argi eta garbi adieraz dadin\u201d"},"content":{"rendered":"\n<p>2026ko martxoaren 9a. Ezker Anitza-IUk legez besteko proposamen bat erregistratu du Eusko Legebiltzarrean, Sumar legebiltzar-taldearen bitartez, Espainiak NATOn jarraitzearen aurka dagoela adierazteko. Testuak eskatzen du, halaber, Espainiako Gobernuari eska dakiola Ipar Atlantikoko Ituna salatzeko izapideak hasteko, 13. artikuluan aurreikusitakoarekin bat etorriz, bai eta NATOn integratutako egitura militarra eta haren konpromiso estrategiko eta operatiboak lotzen dituzten akordio eratorriak ere, eta Estatuak Estatu Batuekin sinatutako alde biko hitzarmen militar guztiak salatzeko.  <\/p>\n\n<p>\u201cBakea ez da isiltasunarekin defendatzen, nazioarteko zuzenbidea lehertzen eta mundu erdian gerra sustatzen ari denaren aurrean. Gure ekimenaren bidez, talde politiko guztiek bakearen, giza segurtasunaren eta gerraren aurkako jarrera hartzeko aukera izango dute\u201d, adierazi du Arantza Gonz\u00e1lez Garc\u00eda Ezker Anitzako koordinatzaileak.<\/p>\n\n<p>\u201cDatorren ostegunean Espainia NATOn sartzeari buruzko erreferendumaren 40. urteurrena izango da. Orduan ezetz esan genuen, eta denborak arrazoia eman digu, NATO gerraren zerbitzura dagoen tresna bat izaten ari delako, eta ez herrialdeen segurtasunaren zerbitzura dagoena\u201d, zehaztu du.<\/p>\n\n<p>Arantza Gonz\u00e1lez Garc\u00eda Ezker Anitza-IUk Eusko Legebiltzarrean duen bozeramaile Jon Hern\u00e1ndez Hidalgorekin batera agertu da gaur komunikabideen aurrean, eta azaldu duenez, ekimenaren helburua da \u201cEuskadik gerrari ezetz esatea, eta ez NATOri, duela 40 urte euskal herritarrek egin zuten bezala. <\/p>\n\n<p>Trumpek eta Israelek daramaten gerra-eskaladak heriotza eta sufrimendua baino ez die eragiten herriari, gerratik bizi diren gutxi batzuen mesedetan\u201d.<\/p>\n\n<p>EAJri kritika<\/p>\n\n<p>Zentzu horretan, Ezker Anitza-IUko koordinatzaileak arduragabetzat jo ditu Aitor Estebanen hitzak, Gobernu aurrerakoiaren gerraren aurkako jarrera kritikatzen dutelako. \u201cBenetan arduragabea dena da onartzea, zuzenean edo zeharka, mundu osoak pleitesia eman behar diola bakearen etsaia den presidente bati, bere posizio politikotik aberastea baino bilatzen ez duenari. Aitor Estebanek hori esaten duenean, geure buruari galdetzen diogu ea EAJ benetan ari den defendatzen gerratik onura ateratzen duten euskal enpresak edo euskal gizartea, gehiengoz bakea defendatzen baitugu eta gerraren aurka baikaude \u201d, azpimarratu du. <\/p>\n\n<p>Horregatik guztiagatik, Ezker Anitza-IUk ekimenak bultzatu ditu Eusko Legebiltzarrean eta Diputatuen Kongresuan, Gobernuari eskatzeko NATO uzteko izapideak has ditzala. Arantza Gonz\u00e1lez Garc\u00edaren iritziz, \u201cgerrarik eza ez da eslogan bat, bakearen eta bizitzaren aldeko jarrera politiko bat da, hasieratik erakunde politiko gisa defendatzen ari garena. Asko eta asko gara uste dugunak segurtasuna ez dela harresiz eta armaz osatua, baizik eta askatasunak eta eskubideak bermatzekoa\u201d. <\/p>\n\n<p>Kaleetan<\/p>\n\n<p>Eusko Legebiltzarrean eta Diputatuen Kongresuan legez besteko proposamen bana aurkeztearekin batera, Ezker Anitza-IUk hainbat ekimen bultzatuko ditu kalean \u201cgerrari ezetza eta NATOri ezetza emateko, uste baitugu behar-beharrezkoa dela nazioarteko zuzenbidea eta herrialdeen arteko harremanetarako eta errespeturako gutxieneko baldintzak lehertu diren mundu mailako agertoki batean\u201d.<\/p>\n","protected":false},"excerpt":{"rendered":"<p>2026ko martxoaren 9a. Ezker Anitza-IUk legez besteko proposamen bat erregistratu du Eusko Legebiltzarrean, Sumar legebiltzar-taldearen bitartez, Espainiak NATOn jarraitzearen aurka dagoela adierazteko. Testuak eskatzen du, halaber, Espainiako Gobernuari eska dakiola &hellip;<\/p>\n","protected":false},"author":1,"featured_media":4954,"comment_status":"open","ping_status":"open","sticky":false,"template":"","format":"standard","meta":{"footnotes":""},"categories":[47,59],"tags":[],"class_list":["post-4956","post","type-post","status-publish","format-standard","has-post-thumbnail","hentry","category-euskadi-eu","category-eusko-legebiltzarrea"],"_links":{"self":[{"href":"https:\/\/ezker-anitza.org\/eu\/wp-json\/wp\/v2\/posts\/4956","targetHints":{"allow":["GET"]}}],"collection":[{"href":"https:\/\/ezker-anitza.org\/eu\/wp-json\/wp\/v2\/posts"}],"about":[{"href":"https:\/\/ezker-anitza.org\/eu\/wp-json\/wp\/v2\/types\/post"}],"author":[{"embeddable":true,"href":"https:\/\/ezker-anitza.org\/eu\/wp-json\/wp\/v2\/users\/1"}],"replies":[{"embeddable":true,"href":"https:\/\/ezker-anitza.org\/eu\/wp-json\/wp\/v2\/comments?post=4956"}],"version-history":[{"count":1,"href":"https:\/\/ezker-anitza.org\/eu\/wp-json\/wp\/v2\/posts\/4956\/revisions"}],"predecessor-version":[{"id":4957,"href":"https:\/\/ezker-anitza.org\/eu\/wp-json\/wp\/v2\/posts\/4956\/revisions\/4957"}],"wp:featuredmedia":[{"embeddable":true,"href":"https:\/\/ezker-anitza.org\/eu\/wp-json\/wp\/v2\/media\/4954"}],"wp:attachment":[{"href":"https:\/\/ezker-anitza.org\/eu\/wp-json\/wp\/v2\/media?parent=4956"}],"wp:term":[{"taxonomy":"category","embeddable":true,"href":"https:\/\/ezker-anitza.org\/eu\/wp-json\/wp\/v2\/categories?post=4956"},{"taxonomy":"post_tag","embeddable":true,"href":"https:\/\/ezker-anitza.org\/eu\/wp-json\/wp\/v2\/tags?post=4956"}],"curies":[{"name":"wp","href":"https:\/\/api.w.org\/{rel}","templated":true}]}}