{"id":4038,"date":"2025-07-08T12:03:49","date_gmt":"2025-07-08T10:03:49","guid":{"rendered":"https:\/\/ezker-anitza.org\/debagoieneko-ezker-kultur-guneak-eta-bakea-eta-elkartasuna-fundazioak-sexu-aniztasunaren-aldeko-bi-ekitaldi-antolatu-dituzte-aste-honetan-eskoriatzan"},"modified":"2025-07-08T12:09:11","modified_gmt":"2025-07-08T10:09:11","slug":"debagoieneko-ezker-kultur-guneak-eta-bakea-eta-elkartasuna-fundazioak-sexu-aniztasunaren-aldeko-bi-ekitaldi-antolatu-dituzte-aste-honetan-eskoriatzan","status":"publish","type":"post","link":"https:\/\/ezker-anitza.org\/eu\/debagoieneko-ezker-kultur-guneak-eta-bakea-eta-elkartasuna-fundazioak-sexu-aniztasunaren-aldeko-bi-ekitaldi-antolatu-dituzte-aste-honetan-eskoriatzan","title":{"rendered":"Debagoieneko Ezker Kultur Guneak eta Bakea eta Elkartasuna Fundazioak sexu aniztasunaren aldeko bi ekitaldi antolatu dituzte aste honetan Eskoriatzan"},"content":{"rendered":"\n<p>Uztailaren 10ean Jos\u00e9 P\u00e9rez Oca\u00f1a artistaren \u2018Yo Oca\u00f1a\u2019 dokumentala proiektatuko da eta uztailaren 12an, larunbata, \u2018Txar\u2019 muralista eta hiri-artista ezagunak horma-irudi bat margotuko du Zubiateko Labearen eraikinean.<\/p>\n\n<p>2025 uztailaren 7a. Debagoieneko Ezker Kultur Guneak eta Paz Y Solidaridad Fundazioak bi jarduera antolatu dituzte aste honetan Eskoriatzan, \u201cpertsona guztien aniztasun sexuala, tolerantzia, berdintasuna eta duintasunaren alde, haien orientazio edo identitate sexuala edozein dela ere\u201d. <\/p>\n\n<p>Lehenengo jarduera Jos\u00e9 P\u00e9rez Oca\u00f1aren \u2018Yo Oca\u00f1a\u2019 dokumentalaren proiekzioa izango da, uztailaren 10ean, osteguna, 19:00etan, Zaldibar Antzokian. Perez Oca\u00f1a pintoreak trabestismoa eta performanceak erabiltzen zituen aurkezpen jantzi gisa. 40 urteren ondoren, Oca\u00f1a LGTBI+ mugimenduaren ikurtzat hartzen da. Dokumentala eman ondoren, solasaldi ireki bat egingo da, parte hartzen duten pertsonen artean gizartearen aniztasunaren erradiografia bat egiteko. Osteguneko jardunaldia jarduera ludiko batekin amaituko da: \u2018askotariko bingoa\u2019 egingo da eta kartoiak banatuko dira sarreran. Irabazleak produktu solidarioen saski bat jasoko du.      <\/p>\n\n<p>Bigarren ekintza, aniztasun sexualean oinarritutako mural bat margotzea izango da, uztailaren 12an, larunbata, goizeko 9:30etatik aurrera, Zubiateko Labea eraikinean. Carlota Barrenetxea \u2018Txar\u2019 artista arduratuko da sorkuntza lanaz, eta dokumentalera eta ondorengo solasaldi irekira bertaratutakoek egindako ekarpenak sartuko ditu bere horma-irudi proiektuan. Txar muralista eta hiri-artista ezaguna da, eta bere lanak antzinako sobietar karteletan eta izaera industrialeko logotipo eta karteletan oinarritzen dira.  <\/p>\n\n<p>Erakunde antolatzaileek, Debagoieneko Ezker Kukltur Guneak eta Bakea eta Elkartasuna Fundazioak Eskoriatzako eta inguruko herrietako herritarrak animatzen dituzte aniztasunaren aldeko ekimen hauetan parte hartzera.<\/p>\n","protected":false},"excerpt":{"rendered":"<p>Uztailaren 10ean Jos\u00e9 P\u00e9rez Oca\u00f1a artistaren \u2018Yo Oca\u00f1a\u2019 dokumentala proiektatuko da eta uztailaren 12an, larunbata, \u2018Txar\u2019 muralista eta hiri-artista ezagunak horma-irudi bat margotuko du Zubiateko Labearen eraikinean. 2025 uztailaren 7a. &hellip;<\/p>\n","protected":false},"author":1,"featured_media":4036,"comment_status":"open","ping_status":"open","sticky":false,"template":"","format":"standard","meta":{"footnotes":""},"categories":[49],"tags":[],"class_list":["post-4038","post","type-post","status-publish","format-standard","has-post-thumbnail","hentry","category-gipuzkoa-eu"],"_links":{"self":[{"href":"https:\/\/ezker-anitza.org\/eu\/wp-json\/wp\/v2\/posts\/4038","targetHints":{"allow":["GET"]}}],"collection":[{"href":"https:\/\/ezker-anitza.org\/eu\/wp-json\/wp\/v2\/posts"}],"about":[{"href":"https:\/\/ezker-anitza.org\/eu\/wp-json\/wp\/v2\/types\/post"}],"author":[{"embeddable":true,"href":"https:\/\/ezker-anitza.org\/eu\/wp-json\/wp\/v2\/users\/1"}],"replies":[{"embeddable":true,"href":"https:\/\/ezker-anitza.org\/eu\/wp-json\/wp\/v2\/comments?post=4038"}],"version-history":[{"count":3,"href":"https:\/\/ezker-anitza.org\/eu\/wp-json\/wp\/v2\/posts\/4038\/revisions"}],"predecessor-version":[{"id":4041,"href":"https:\/\/ezker-anitza.org\/eu\/wp-json\/wp\/v2\/posts\/4038\/revisions\/4041"}],"wp:featuredmedia":[{"embeddable":true,"href":"https:\/\/ezker-anitza.org\/eu\/wp-json\/wp\/v2\/media\/4036"}],"wp:attachment":[{"href":"https:\/\/ezker-anitza.org\/eu\/wp-json\/wp\/v2\/media?parent=4038"}],"wp:term":[{"taxonomy":"category","embeddable":true,"href":"https:\/\/ezker-anitza.org\/eu\/wp-json\/wp\/v2\/categories?post=4038"},{"taxonomy":"post_tag","embeddable":true,"href":"https:\/\/ezker-anitza.org\/eu\/wp-json\/wp\/v2\/tags?post=4038"}],"curies":[{"name":"wp","href":"https:\/\/api.w.org\/{rel}","templated":true}]}}