{"id":3064,"date":"2024-10-28T17:09:35","date_gmt":"2024-10-28T16:09:35","guid":{"rendered":"https:\/\/ezker-anitza.org\/minoien-patruila-berdea-berreskuratzeko-eta-ertzaintzaren-ingurumen-atala-indartzeko-eskatzeko-proposamena-aurrera-ateratzea-lortu-du-arabako-gure-batzarkide-taldea"},"modified":"2024-10-28T17:15:51","modified_gmt":"2024-10-28T16:15:51","slug":"minoien-patruila-berdea-berreskuratzeko-eta-ertzaintzaren-ingurumen-atala-indartzeko-eskatzeko-proposamena-aurrera-ateratzea-lortu-du-arabako-gure-batzarkide-taldea","status":"publish","type":"post","link":"https:\/\/ezker-anitza.org\/eu\/minoien-patruila-berdea-berreskuratzeko-eta-ertzaintzaren-ingurumen-atala-indartzeko-eskatzeko-proposamena-aurrera-ateratzea-lortu-du-arabako-gure-batzarkide-taldea","title":{"rendered":"Mi\u00f1oien Patruila Berdea berreskuratzeko eta Ertzaintzaren Ingurumen Atala indartzeko eskatzeko proposamena aurrera ateratzea lortu du Arabako gure batzarkide-taldea"},"content":{"rendered":"\n<p>Alderdi Popularrarekin transakzionatutako mozio batean egin du, EAJren eta PSEren kontrako botoekin.<\/p>\n\n<p>Arabako gure batzarkide taldeak lortu du Arabako Foru Aldundiari Mi\u00f1oien Patruila Berdea (GAMA) berreskuratzeko eskatzea eta Eusko Jaurlaritzari Ertzaintzaren Ingurumen eta Hirigintza Atala indartzeko eskatzea, Arabako Batzar Nagusietan egin den osoko bilkuran aurrera egin dezan. Alderdi Popularrarekin eta EAJren eta PSEren aurkako boto bakarrekin transakzionatutako mozio baten bidez egin du. <\/p>\n\n<p>Testuan, halaber, Arabako Foru Aldundiak Landa Inguruneko Patruila (BPB) indartzea eskatzen da, Mi\u00f1oien kopuru egokia sendotuz, horiek patruila horretan jarrai dezaten erraztuz eta berariazko prestakuntza emanez. Baita gaitasunak hobeto garatzeko behar diren baliabideak ere. <\/p>\n\n<p>Jos\u00e9 Dami\u00e1n Garc\u00eda-Moreno prokuradoreak azpimarratu du oso beharrezkoa dela gure ingurumena zaintzea, prebentzioa indartzea eta delitu ekologikoak jazartzea, eta, horretarako, bai Mi\u00f1oiek bai Ertzaintzaren Ingurumen Atalak funtsezko zeregina betetzen dutela, &#8220;eta bestela galdetu diezaietela Urrunagako bizilagunei, egunero pairatzen baitute OTUA taldeko enpresek sortutako kutsadura&#8221;.<\/p>\n\n<p>Halaber, Garcia-Morenok deitoratu egin du &#8220;EAJk Euskal Autonomia Erkidegoan eta, ondorioz, Araban ingurumena zaintzen duen edozein polizia-unitate desegiteko egindako ahalegina. PSEren beharrezko lehiaketa duen desegitea &#8220;.<\/p>\n\n<p>Jos\u00e9 Dami\u00e1n Garc\u00eda-Morenok gogorarazi du Arabako Batzar Nagusiek mozio bat onartu zutela 2024ko martxoaren 7an, Foru Aldundiari Mi\u00f1oien Patruila Berdea berreskuratzeko eskatuz. Hori dela eta, &#8220;gure interpelazioan Ahaldun Nagusiari eskatzen diogu akordio hau betetzeari buruz dituen asmoak azal ditzala, Arabatik ere asko egin daitekeela uste baitugu&#8221;.<\/p>\n\n<p>Garc\u00eda-Morenok eskertu egin du ekimenak jaso duen babesa, &#8220;Araban ingurumen-delituak prebenitzeko eta jazartzeko baliabide nahikoak izateko gure helburuan beste urrats bat delako&#8221;.<\/p>\n","protected":false},"excerpt":{"rendered":"<p>Alderdi Popularrarekin transakzionatutako mozio batean egin du, EAJren eta PSEren kontrako botoekin. Arabako gure batzarkide taldeak lortu du Arabako Foru Aldundiari Mi\u00f1oien Patruila Berdea (GAMA) berreskuratzeko eskatzea eta Eusko Jaurlaritzari &hellip;<\/p>\n","protected":false},"author":1,"featured_media":3062,"comment_status":"open","ping_status":"open","sticky":false,"template":"","format":"standard","meta":{"footnotes":""},"categories":[45,47],"tags":[],"class_list":["post-3064","post","type-post","status-publish","format-standard","has-post-thumbnail","hentry","category-araba-eu","category-euskadi-eu"],"_links":{"self":[{"href":"https:\/\/ezker-anitza.org\/eu\/wp-json\/wp\/v2\/posts\/3064","targetHints":{"allow":["GET"]}}],"collection":[{"href":"https:\/\/ezker-anitza.org\/eu\/wp-json\/wp\/v2\/posts"}],"about":[{"href":"https:\/\/ezker-anitza.org\/eu\/wp-json\/wp\/v2\/types\/post"}],"author":[{"embeddable":true,"href":"https:\/\/ezker-anitza.org\/eu\/wp-json\/wp\/v2\/users\/1"}],"replies":[{"embeddable":true,"href":"https:\/\/ezker-anitza.org\/eu\/wp-json\/wp\/v2\/comments?post=3064"}],"version-history":[{"count":1,"href":"https:\/\/ezker-anitza.org\/eu\/wp-json\/wp\/v2\/posts\/3064\/revisions"}],"predecessor-version":[{"id":3065,"href":"https:\/\/ezker-anitza.org\/eu\/wp-json\/wp\/v2\/posts\/3064\/revisions\/3065"}],"wp:featuredmedia":[{"embeddable":true,"href":"https:\/\/ezker-anitza.org\/eu\/wp-json\/wp\/v2\/media\/3062"}],"wp:attachment":[{"href":"https:\/\/ezker-anitza.org\/eu\/wp-json\/wp\/v2\/media?parent=3064"}],"wp:term":[{"taxonomy":"category","embeddable":true,"href":"https:\/\/ezker-anitza.org\/eu\/wp-json\/wp\/v2\/categories?post=3064"},{"taxonomy":"post_tag","embeddable":true,"href":"https:\/\/ezker-anitza.org\/eu\/wp-json\/wp\/v2\/tags?post=3064"}],"curies":[{"name":"wp","href":"https:\/\/api.w.org\/{rel}","templated":true}]}}