{"id":2459,"date":"2024-06-04T12:11:02","date_gmt":"2024-06-04T10:11:02","guid":{"rendered":"https:\/\/ezker-anitza.org\/ezker-anitza-iu-euskal-eskola-publikoaren-jaian-izan-zen-ordizian-sare-publikoari-babesa-adierazteko"},"modified":"2024-06-04T12:34:25","modified_gmt":"2024-06-04T10:34:25","slug":"ezker-anitza-iu-euskal-eskola-publikoaren-jaian-izan-zen-ordizian-sare-publikoari-babesa-adierazteko","status":"publish","type":"post","link":"https:\/\/ezker-anitza.org\/eu\/ezker-anitza-iu-euskal-eskola-publikoaren-jaian-izan-zen-ordizian-sare-publikoari-babesa-adierazteko","title":{"rendered":"Ezker Anitza-IU Euskal Eskola Publikoaren jaian izan zen Ordizian sare publikoari babesa adierazteko"},"content":{"rendered":"\n<p><em>Ezkerreko alderdiak berretsi egiten du eskola publikoarekin duen konpromisoa, euskal hezkuntza-sistemaren ardatz egituratzaile gisa eta sare publiko askotariko, inklusibo eta kohesionatzaile baten garapen progresiboarekin.<\/em><\/p>\n\n<p><\/p>\n\n<p><strong>Ordizia, 2024ko ekainaren 2a<\/strong> . Ezker Anitza-IUko ordezkaritza batek, Jon Hern\u00e1ndez Ezker Anitza-IUko Sumarreko legebiltzarkidea, I\u00f1igo Mart\u00ednez Zat\u00f3n antolakuntza idazkaria eta Arantza Gonz\u00e1lez zuzendaritzako kide eta Donostiako Udaleko zinegotzia buru zirela, Ordizian ospatu zen Euskal Eskola Publikoaren jaian parte hartu zuen. Horrela, Ezker Anitza-IUk bat egiten du jaiaren sustatzaile den Euskadiko Guraso Elkarteen Federazioak (Ehige) eskatzen duen babesarekin.<\/p>\n\n<p>Ezker Anitza-IUk berretsi du &#8220;kalitatezko eskola publiko inklusibo baten aldeko apustua&#8221; egiten duela, &#8220;euskal hezkuntza-sistemaren ardatza izango dena, eta ikasleen aukera-berdintasuna bultzatuko duen eta kohesio sozialerako elementu gisa balioko duen sare publiko integral baten garapen progresiboaren aldekoa&#8221;.<\/p>\n\n<p>Ezkerreko alderdierako, &#8220;hezkuntza sistema ehuneko ehunean publikoa, kalitatezkoa, eleanitza, euskara ardatz duena, kalitatezko azpiegiturak dituena, benetakoa izan behar du eta alderdi politiko guztien ahalegina behar du&#8221;.<\/p>\n\n<p>Ildo horretan, Ezker Anitza-IUk adierazi du beharrezkoa dela &#8220;urrats sendoak ematea Euskadiko eskola-segregazioaren zifra eskandalagarriei amaiera emateko&#8221;.<\/p>\n\n<figure class=\"wp-block-image size-large\"><img loading=\"lazy\" decoding=\"async\" width=\"1024\" height=\"461\" src=\"https:\/\/ezker-anitza.org\/wp-content\/uploads\/2024\/06\/Jaia-1-1024x461.jpg\" alt=\"\" class=\"wp-image-2456\" srcset=\"https:\/\/ezker-anitza.org\/wp-content\/uploads\/2024\/06\/Jaia-1-1024x461.jpg 1024w, https:\/\/ezker-anitza.org\/wp-content\/uploads\/2024\/06\/Jaia-1-300x135.jpg 300w, https:\/\/ezker-anitza.org\/wp-content\/uploads\/2024\/06\/Jaia-1-768x346.jpg 768w, https:\/\/ezker-anitza.org\/wp-content\/uploads\/2024\/06\/Jaia-1.jpg 1280w\" sizes=\"auto, (max-width: 1024px) 100vw, 1024px\" \/><\/figure>\n\n<p><\/p>\n","protected":false},"excerpt":{"rendered":"<p>Ezkerreko alderdiak berretsi egiten du eskola publikoarekin duen konpromisoa, euskal hezkuntza-sistemaren ardatz egituratzaile gisa eta sare publiko askotariko, inklusibo eta kohesionatzaile baten garapen progresiboarekin. Ordizia, 2024ko ekainaren 2a . Ezker &hellip;<\/p>\n","protected":false},"author":1,"featured_media":2455,"comment_status":"open","ping_status":"open","sticky":false,"template":"","format":"standard","meta":{"footnotes":""},"categories":[47,49],"tags":[],"class_list":["post-2459","post","type-post","status-publish","format-standard","has-post-thumbnail","hentry","category-euskadi-eu","category-gipuzkoa-eu"],"_links":{"self":[{"href":"https:\/\/ezker-anitza.org\/eu\/wp-json\/wp\/v2\/posts\/2459","targetHints":{"allow":["GET"]}}],"collection":[{"href":"https:\/\/ezker-anitza.org\/eu\/wp-json\/wp\/v2\/posts"}],"about":[{"href":"https:\/\/ezker-anitza.org\/eu\/wp-json\/wp\/v2\/types\/post"}],"author":[{"embeddable":true,"href":"https:\/\/ezker-anitza.org\/eu\/wp-json\/wp\/v2\/users\/1"}],"replies":[{"embeddable":true,"href":"https:\/\/ezker-anitza.org\/eu\/wp-json\/wp\/v2\/comments?post=2459"}],"version-history":[{"count":3,"href":"https:\/\/ezker-anitza.org\/eu\/wp-json\/wp\/v2\/posts\/2459\/revisions"}],"predecessor-version":[{"id":2462,"href":"https:\/\/ezker-anitza.org\/eu\/wp-json\/wp\/v2\/posts\/2459\/revisions\/2462"}],"wp:featuredmedia":[{"embeddable":true,"href":"https:\/\/ezker-anitza.org\/eu\/wp-json\/wp\/v2\/media\/2455"}],"wp:attachment":[{"href":"https:\/\/ezker-anitza.org\/eu\/wp-json\/wp\/v2\/media?parent=2459"}],"wp:term":[{"taxonomy":"category","embeddable":true,"href":"https:\/\/ezker-anitza.org\/eu\/wp-json\/wp\/v2\/categories?post=2459"},{"taxonomy":"post_tag","embeddable":true,"href":"https:\/\/ezker-anitza.org\/eu\/wp-json\/wp\/v2\/tags?post=2459"}],"curies":[{"name":"wp","href":"https:\/\/api.w.org\/{rel}","templated":true}]}}