{"id":1886,"date":"2024-02-12T17:01:29","date_gmt":"2024-02-12T16:01:29","guid":{"rendered":"https:\/\/ezker-anitza.org\/ezker-anitza-iuk-zehaztu-egin-du-ituna-lortzeko-edozein-aukera-baldintzatuko-duen-hauteskunde-programa-eta-ezker-osoko-bloke-politiko-bat-osatzea-euskal-politika-aldatz"},"modified":"2024-02-12T17:17:44","modified_gmt":"2024-02-12T16:17:44","slug":"ezker-anitza-iuk-zehaztu-egin-du-ituna-lortzeko-edozein-aukera-baldintzatuko-duen-hauteskunde-programa-eta-ezker-osoko-bloke-politiko-bat-osatzea-euskal-politika-aldatz","status":"publish","type":"post","link":"https:\/\/ezker-anitza.org\/eu\/ezker-anitza-iuk-zehaztu-egin-du-ituna-lortzeko-edozein-aukera-baldintzatuko-duen-hauteskunde-programa-eta-ezker-osoko-bloke-politiko-bat-osatzea-euskal-politika-aldatz","title":{"rendered":"Ezker Anitza IUk zehaztu egin du ituna lortzeko edozein aukera baldintzatuko duen hauteskunde programa eta \u00abezker osoko bloke politiko\u00bb bat osatzea euskal politika aldatz"},"content":{"rendered":"\n<p><em>Bizitzaren eta enplegu duinaren zerbitzuko eredu ekonomikoa; Estatu eta zerga eredua, etorkizun iraunkorra, osasuna, hezkuntza, etxebizitza, feminismoa eta bizitza politiken erdigunean jartzea izan dira eztabaida-taldeek izan dituzten gai nagusiak.<\/em><\/p>\n\n<p><strong>Bilbo, 2024ko urtarrilaren 27a<\/strong> . Ezker Anitza-IUk bilera programatikoa egin du larunbat honetan, duela bi hilabete erakundeari aurtengo hauteskunde autonomikoetarako hauteskunde programa emateko abiatutako prozesua. Ehun bat militante bildu dira Bilbon dokumentu hau definitzeko.<\/p>\n\n<p>Ezker Anita-IUko zerrendaburuak, Jon Hern\u00e1ndezek, adierazi du gaur eztabaidatutako programa izango dela itunak egiteko aukera oro eta ezkerreko bloke politikoa osatzeko erreferentzia gisa balioko duena. \u00abHauteskundeen aurretik eta ondoren aliantzak egiteko prest gaude, alternatiba eta ez makulua izango dela zehaztuta dagoen ezkerreko proposamen bat aurrera eramateko erakundeetan aspalditik lanean diharduen EAJrentzat, bere baserri bihurtuz. \u201d<\/p>\n\n<p>Era berean, Hern\u00e1ndezek azpimarratu du Ezker Anitza-IU izango dela hurrengo hauteskunde autonomikoetan erakundeetara \u201cpertsonen bizi baldintzak hobetzen dituzten ezkerreko eta justizia sozialeko politikak ekartzeko. Eta hori ezkerreko bloke osoaren ulermenaren araberakoa da\u00bb.<\/p>\n\n<p>Hala, Ezker Anitza-IUko hautagaiak ziurtatu duenez, \u201czerbitzu publikoak defendatuko ditugu, pribatizazio politikek hondatuta. Zaintzak kalitatezko sistema publiko bat onartzen duten politikak behar ditu eta ez azpikontratazioa eta azpikontratazioa. Etxebizitza espekulatzaileentzako negozioa izateari, lan-baldintzen hobekuntza eta pertsona guztientzako beharrezkoa den gizarte-babesa defendatuko dugu, Euskadin denek duintasunez bizi behar dutela uste dugulako.<\/p>\n\n<p><strong>Proposamen politiko eta programatikoa<\/strong><\/p>\n\n<p>Bere aldetik, Lorena Vicioso Adri\u00e0 Ezker Anitza-IUko Programa arduradunak adierazi du bileran zehaztu diren eduki programatikoak Eusko Legebiltzarrean ordezkatuko gaituzten pertsonak bezain garrantzitsuak direla. \u00abPrograma hau da kolarik onena hauteskunde hauetan ahalik eta koalizio indartsuena aurkeztu ahal izateko, erabakigarria izango dena ezker guztiak batuko dituen etorkizuneko gobernu bat osatzeko\u00bb.<\/p>\n\n<p>Hainbat taldetan banatuta, militantziak enpleguaren eta bizitza duin baten zerbitzura dagoen eredu ekonomikoa, etxebizitza, kalitatezko osasun sistema publikoa, estatu eredua, fiskalitatea, hezkuntza, zaintza sistema publikoa, klima aldaketa aztertu eta egin ditu ekarpenak. , mugikortasun iraunkorra, feminismoa, gazteria eta Euskadi Euskaldun, multikultural eta eleaniztun bat.<\/p>\n\n<p>\u201cGure programa, EAJren eta PSEren eredu kontzertatuarekin alderatuta, aukera berdintasuna sortzen duen hezkuntza publikoaren defentsara bideratutako ardatz oso argiek osatzen dute; kalitatezko osasun publikoa baliabide nahikoekin, guztiok etxebizitza duina prezio merke batean eskuratzeko dugun eskubidea, zaintzarako eskubidea eta planeta jasangarri batean bizitzeko eskubidea, larrialdi klimatikoari aurre egiteko politika ausartak eginez. sufrimendua\u00bb, gaineratu du Lorena Vicioso Adri\u00e0k.<\/p>\n\n<p>Bilera programatikoa ekitaldi politiko batekin amaitu zen, eta bertan, Jon Hern\u00e1ndez eta Lorena Viciosoz gain, Ismael Gonz\u00e1lez IUko Antolakuntza buruak, Arantza Gonz\u00e1lez Donostiako Udaleko zinegotziak eta \u00cd\u00f1igo Mart\u00ednez Zat\u00f3n Antolakuntza idazkariak hartu zuten parte. Anitza-IU.<\/p>\n\n<figure class=\"wp-block-image size-large\"><img loading=\"lazy\" decoding=\"async\" width=\"1024\" height=\"768\" src=\"https:\/\/ezker-anitza.org\/wp-content\/uploads\/2024\/02\/Grupo-1-1024x768.jpg\" alt=\"\" class=\"wp-image-1882\" srcset=\"https:\/\/ezker-anitza.org\/wp-content\/uploads\/2024\/02\/Grupo-1-1024x768.jpg 1024w, https:\/\/ezker-anitza.org\/wp-content\/uploads\/2024\/02\/Grupo-1-300x225.jpg 300w, https:\/\/ezker-anitza.org\/wp-content\/uploads\/2024\/02\/Grupo-1-768x576.jpg 768w, https:\/\/ezker-anitza.org\/wp-content\/uploads\/2024\/02\/Grupo-1.jpg 1280w\" sizes=\"auto, (max-width: 1024px) 100vw, 1024px\" \/><\/figure>\n","protected":false},"excerpt":{"rendered":"<p>Bizitzaren eta enplegu duinaren zerbitzuko eredu ekonomikoa; Estatu eta zerga eredua, etorkizun iraunkorra, osasuna, hezkuntza, etxebizitza, feminismoa eta bizitza politiken erdigunean jartzea izan dira eztabaida-taldeek izan dituzten gai nagusiak. Bilbo, &hellip;<\/p>\n","protected":false},"author":1,"featured_media":1879,"comment_status":"open","ping_status":"open","sticky":false,"template":"","format":"standard","meta":{"footnotes":""},"categories":[47],"tags":[],"class_list":["post-1886","post","type-post","status-publish","format-standard","has-post-thumbnail","hentry","category-euskadi-eu"],"_links":{"self":[{"href":"https:\/\/ezker-anitza.org\/eu\/wp-json\/wp\/v2\/posts\/1886","targetHints":{"allow":["GET"]}}],"collection":[{"href":"https:\/\/ezker-anitza.org\/eu\/wp-json\/wp\/v2\/posts"}],"about":[{"href":"https:\/\/ezker-anitza.org\/eu\/wp-json\/wp\/v2\/types\/post"}],"author":[{"embeddable":true,"href":"https:\/\/ezker-anitza.org\/eu\/wp-json\/wp\/v2\/users\/1"}],"replies":[{"embeddable":true,"href":"https:\/\/ezker-anitza.org\/eu\/wp-json\/wp\/v2\/comments?post=1886"}],"version-history":[{"count":3,"href":"https:\/\/ezker-anitza.org\/eu\/wp-json\/wp\/v2\/posts\/1886\/revisions"}],"predecessor-version":[{"id":1889,"href":"https:\/\/ezker-anitza.org\/eu\/wp-json\/wp\/v2\/posts\/1886\/revisions\/1889"}],"wp:featuredmedia":[{"embeddable":true,"href":"https:\/\/ezker-anitza.org\/eu\/wp-json\/wp\/v2\/media\/1879"}],"wp:attachment":[{"href":"https:\/\/ezker-anitza.org\/eu\/wp-json\/wp\/v2\/media?parent=1886"}],"wp:term":[{"taxonomy":"category","embeddable":true,"href":"https:\/\/ezker-anitza.org\/eu\/wp-json\/wp\/v2\/categories?post=1886"},{"taxonomy":"post_tag","embeddable":true,"href":"https:\/\/ezker-anitza.org\/eu\/wp-json\/wp\/v2\/tags?post=1886"}],"curies":[{"name":"wp","href":"https:\/\/api.w.org\/{rel}","templated":true}]}}